{"id":188,"date":"2010-04-05T16:47:12","date_gmt":"2010-04-05T19:47:12","guid":{"rendered":"https:\/\/dmdesign.com.ar\/blog\/?p=188"},"modified":"2015-12-07T19:38:03","modified_gmt":"2015-12-07T22:38:03","slug":"stand-malharro-en-mar-del-plata-te-invita-a-estudiar","status":"publish","type":"post","link":"https:\/\/dmdesign.com.ar\/blog\/2010\/04\/stand-malharro-en-mar-del-plata-te-invita-a-estudiar\/","title":{"rendered":"Stand Malharro en \u00abMar del Plata te invita a estudiar\u00bb"},"content":{"rendered":"<p><img fetchpriority=\"high\" decoding=\"async\" class=\"alignnone\" src=\"http:\/\/lamalharro.files.wordpress.com\/2010\/05\/31769_1418428428093_1454102382_31099401_3939519_n.jpg\" alt=\"\" width=\"720\" height=\"540\" \/><\/p>\n<p>Este a\u00f1o \u00a0se realizo la\u00a0<strong>VI Muestra Educativa \u201cMar del Plata te invita a estudiar<\/strong>\u201d que se desarrollo en las instalaciones de la \u201c<strong>Plaza del Agua<\/strong>\u201d, en la calle Guemes entre Roca y San Lorenzo, los\u00a0<strong>d\u00edas 06 y 07 de mayo<\/strong>, entre las 9:30 y las 20:30.<\/p>\n<p>Y nuestra instituci\u00f3n fue invitada de privilegio como todos los a\u00f1os. En esta ocasi\u00f3n la organizaci\u00f3n del Stand de la escuela estuvo a cargo de la Prof.\u00a0<strong>Marita Sampedro<\/strong> y el Prof. <strong>Daniel Martin<\/strong>.<\/p>\n<p>En la expo educativa participaron los alumnos de:<\/p>\n<ul>\n<li><strong>1\u00ba a de fotograf\u00eda<\/strong> registro fotogr\u00e1fico y atenci\u00f3n al p\u00fablico del stand de \u201cla malharro\u201d<\/li>\n<li><strong>3\u00ba y 4\u00ba de ilustraci\u00f3n<\/strong>,\u00a0mural con sellos y fibrones y caricaturas en vivo\/ proyecci\u00f3n de animaciones en continuado.<\/li>\n<li><strong>3\u00ba de Dise\u00f1o Grafico<\/strong> con la realizaci\u00f3n de un audiovisual promoviendo la escuela.<\/li>\n<\/ul>\n<p>Pasamos dos tardes muy amenas, junto con la participaci\u00f3n de alumnos y p\u00fablico en general. Se difundi\u00f3 activamente toda la labor que se realiza en la escuela apoyada por peque\u00f1os videos demostrativos de las actividades que se llevan a cabo en nuestro establecimiento educativo. La gente se acerc\u00f3 con mucho entusiasmo, tanto a ver las proyecciones o los dibujos en vivo, as\u00ed como a preguntar por las carreras. El p\u00fablico colabor\u00f3 con la compra de la revista a+arte, agotando los 100 n\u00fameros que se hab\u00edan destinado a la venta.<\/p>\n","protected":false},"excerpt":{"rendered":"<p>Este a\u00f1o \u00a0se realizo la\u00a0VI Muestra Educativa \u201cMar del Plata te invita a estudiar\u201d que se desarrollo en las instalaciones de la \u201cPlaza del Agua\u201d, en la calle Guemes entre Roca y San Lorenzo, los\u00a0d\u00edas 06 y 07 de mayo, entre las 9:30 y las 20:30. Y nuestra instituci\u00f3n fue invitada de privilegio como todos&hellip;&nbsp;<a href=\"https:\/\/dmdesign.com.ar\/blog\/2010\/04\/stand-malharro-en-mar-del-plata-te-invita-a-estudiar\/\" rel=\"bookmark\">Leer m\u00e1s &raquo;<span class=\"screen-reader-text\">Stand Malharro en \u00abMar del Plata te invita a estudiar\u00bb<\/span><\/a><\/p>\n","protected":false},"author":2,"featured_media":620,"comment_status":"open","ping_status":"open","sticky":false,"template":"","format":"standard","meta":{"neve_meta_sidebar":"","neve_meta_container":"","neve_meta_enable_content_width":"","neve_meta_content_width":0,"neve_meta_title_alignment":"","neve_meta_author_avatar":"","neve_post_elements_order":"","neve_meta_disable_header":"","neve_meta_disable_footer":"","neve_meta_disable_title":"","footnotes":""},"categories":[8],"tags":[],"_links":{"self":[{"href":"https:\/\/dmdesign.com.ar\/blog\/wp-json\/wp\/v2\/posts\/188"}],"collection":[{"href":"https:\/\/dmdesign.com.ar\/blog\/wp-json\/wp\/v2\/posts"}],"about":[{"href":"https:\/\/dmdesign.com.ar\/blog\/wp-json\/wp\/v2\/types\/post"}],"author":[{"embeddable":true,"href":"https:\/\/dmdesign.com.ar\/blog\/wp-json\/wp\/v2\/users\/2"}],"replies":[{"embeddable":true,"href":"https:\/\/dmdesign.com.ar\/blog\/wp-json\/wp\/v2\/comments?post=188"}],"version-history":[{"count":2,"href":"https:\/\/dmdesign.com.ar\/blog\/wp-json\/wp\/v2\/posts\/188\/revisions"}],"predecessor-version":[{"id":190,"href":"https:\/\/dmdesign.com.ar\/blog\/wp-json\/wp\/v2\/posts\/188\/revisions\/190"}],"wp:featuredmedia":[{"embeddable":true,"href":"https:\/\/dmdesign.com.ar\/blog\/wp-json\/wp\/v2\/media\/620"}],"wp:attachment":[{"href":"https:\/\/dmdesign.com.ar\/blog\/wp-json\/wp\/v2\/media?parent=188"}],"wp:term":[{"taxonomy":"category","embeddable":true,"href":"https:\/\/dmdesign.com.ar\/blog\/wp-json\/wp\/v2\/categories?post=188"},{"taxonomy":"post_tag","embeddable":true,"href":"https:\/\/dmdesign.com.ar\/blog\/wp-json\/wp\/v2\/tags?post=188"}],"curies":[{"name":"wp","href":"https:\/\/api.w.org\/{rel}","templated":true}]}}