{"id":234,"date":"2011-05-09T23:31:48","date_gmt":"2011-05-10T02:31:48","guid":{"rendered":"https:\/\/dmdesign.com.ar\/blog\/?p=234"},"modified":"2022-03-05T19:51:56","modified_gmt":"2022-03-05T22:51:56","slug":"cuerpo","status":"publish","type":"post","link":"https:\/\/dmdesign.com.ar\/blog\/2011\/05\/cuerpo\/","title":{"rendered":"Cuerpo"},"content":{"rendered":"<p><a href=\"https:\/\/dmdesign.com.ar\/blog\/wp-content\/uploads\/2011\/05\/cuerpo_baja_resolucion.jpg\"><img fetchpriority=\"high\" decoding=\"async\" class=\"alignnone size-full wp-image-235\" title=\"cuerpo_baja_resolucion\" src=\"https:\/\/dmdesign.com.ar\/blog\/wp-content\/uploads\/2011\/05\/cuerpo_baja_resolucion.jpg\" alt=\"\" width=\"1200\" height=\"1697\" srcset=\"https:\/\/dmdesign.com.ar\/blog\/wp-content\/uploads\/2011\/05\/cuerpo_baja_resolucion.jpg 1200w, https:\/\/dmdesign.com.ar\/blog\/wp-content\/uploads\/2011\/05\/cuerpo_baja_resolucion-212x300.jpg 212w, https:\/\/dmdesign.com.ar\/blog\/wp-content\/uploads\/2011\/05\/cuerpo_baja_resolucion-724x1024.jpg 724w\" sizes=\"(max-width: 1200px) 100vw, 1200px\" \/><\/a><\/p>\n<div id=\"_mcePaste\">Cuerpo: Territorios de combates.<\/div>\n<div id=\"_mcePaste\">&#8211; \u00bfC\u00f3mo se articula la noci\u00f3n de cuerpo en occidente y oriente?<\/div>\n<div id=\"_mcePaste\">&#8211; Hegemon\u00eda de la Raz\u00f3n (\u00bfmoderna?) \u00bfporque relegamos al cuerpo como forma de expresi\u00f3n?, \u00bfque nos dice el cuerpo sobre nuestra conciencia?.<\/div>\n<div id=\"_mcePaste\">&#8211; Separaci\u00f3n Mente &#8211; cuerpo: \u00bfficci\u00f3n o realidad?<\/div>\n<div id=\"_mcePaste\">&#8211; Cuerpos domesticados, cuerpos estigmatizados.<\/div>\n<div id=\"_mcePaste\">&#8211; Modas: la mujer \u00bfun objeto sexual?<\/div>\n<div id=\"_mcePaste\">&#8211; Cuerpos migrando de un sexo al otro.inter, trans y bi sexualidad.<\/div>\n<div id=\"_mcePaste\">&#8211; Construcci\u00f3n subjetiva del propio cuerpo.<\/div>\n<div id=\"_mcePaste\">&#8211; Consideraciones sobre la ley de matrimonio igualitario.<\/div>\n","protected":false},"excerpt":{"rendered":"<p>Cuerpo: Territorios de combates. &#8211; \u00bfC\u00f3mo se articula la noci\u00f3n de cuerpo en occidente y oriente? &#8211; Hegemon\u00eda de la Raz\u00f3n (\u00bfmoderna?) \u00bfporque relegamos al cuerpo como forma de expresi\u00f3n?, \u00bfque nos dice el cuerpo sobre nuestra conciencia?. &#8211; Separaci\u00f3n Mente &#8211; cuerpo: \u00bfficci\u00f3n o realidad? &#8211; Cuerpos domesticados, cuerpos estigmatizados. &#8211; Modas: la mujer&hellip;&nbsp;<a href=\"https:\/\/dmdesign.com.ar\/blog\/2011\/05\/cuerpo\/\" rel=\"bookmark\">Leer m\u00e1s &raquo;<span class=\"screen-reader-text\">Cuerpo<\/span><\/a><\/p>\n","protected":false},"author":2,"featured_media":235,"comment_status":"open","ping_status":"open","sticky":false,"template":"","format":"standard","meta":{"neve_meta_sidebar":"","neve_meta_container":"","neve_meta_enable_content_width":"","neve_meta_content_width":0,"neve_meta_title_alignment":"","neve_meta_author_avatar":"","neve_post_elements_order":"","neve_meta_disable_header":"","neve_meta_disable_footer":"","neve_meta_disable_title":"","footnotes":""},"categories":[3],"tags":[],"_links":{"self":[{"href":"https:\/\/dmdesign.com.ar\/blog\/wp-json\/wp\/v2\/posts\/234"}],"collection":[{"href":"https:\/\/dmdesign.com.ar\/blog\/wp-json\/wp\/v2\/posts"}],"about":[{"href":"https:\/\/dmdesign.com.ar\/blog\/wp-json\/wp\/v2\/types\/post"}],"author":[{"embeddable":true,"href":"https:\/\/dmdesign.com.ar\/blog\/wp-json\/wp\/v2\/users\/2"}],"replies":[{"embeddable":true,"href":"https:\/\/dmdesign.com.ar\/blog\/wp-json\/wp\/v2\/comments?post=234"}],"version-history":[{"count":3,"href":"https:\/\/dmdesign.com.ar\/blog\/wp-json\/wp\/v2\/posts\/234\/revisions"}],"predecessor-version":[{"id":237,"href":"https:\/\/dmdesign.com.ar\/blog\/wp-json\/wp\/v2\/posts\/234\/revisions\/237"}],"wp:featuredmedia":[{"embeddable":true,"href":"https:\/\/dmdesign.com.ar\/blog\/wp-json\/wp\/v2\/media\/235"}],"wp:attachment":[{"href":"https:\/\/dmdesign.com.ar\/blog\/wp-json\/wp\/v2\/media?parent=234"}],"wp:term":[{"taxonomy":"category","embeddable":true,"href":"https:\/\/dmdesign.com.ar\/blog\/wp-json\/wp\/v2\/categories?post=234"},{"taxonomy":"post_tag","embeddable":true,"href":"https:\/\/dmdesign.com.ar\/blog\/wp-json\/wp\/v2\/tags?post=234"}],"curies":[{"name":"wp","href":"https:\/\/api.w.org\/{rel}","templated":true}]}}