{"id":410,"date":"2013-07-13T20:21:26","date_gmt":"2013-07-13T23:21:26","guid":{"rendered":"https:\/\/dmdesign.com.ar\/blog\/?p=410"},"modified":"2022-03-05T19:50:19","modified_gmt":"2022-03-05T22:50:19","slug":"afiche-conmemoracion-85-anos-nacimiento-del-che","status":"publish","type":"post","link":"https:\/\/dmdesign.com.ar\/blog\/2013\/07\/afiche-conmemoracion-85-anos-nacimiento-del-che\/","title":{"rendered":"Afiche conmemoraci\u00f3n 85 a\u00f1os nacimiento del CHE"},"content":{"rendered":"<p><a href=\"https:\/\/dmdesign.com.ar\/blog\/wp-content\/uploads\/2013\/07\/GRILLO.jpg\"><img fetchpriority=\"high\" decoding=\"async\" class=\"alignnone size-large wp-image-411\" src=\"https:\/\/dmdesign.com.ar\/blog\/wp-content\/uploads\/2013\/07\/GRILLO-689x1024.jpg\" alt=\"CHE\" width=\"689\" height=\"1024\" srcset=\"https:\/\/dmdesign.com.ar\/blog\/wp-content\/uploads\/2013\/07\/GRILLO-689x1024.jpg 689w, https:\/\/dmdesign.com.ar\/blog\/wp-content\/uploads\/2013\/07\/GRILLO-202x300.jpg 202w, https:\/\/dmdesign.com.ar\/blog\/wp-content\/uploads\/2013\/07\/GRILLO.jpg 1000w\" sizes=\"(max-width: 689px) 100vw, 689px\" \/><\/a><\/p>\n<p>&nbsp;<\/p>\n<p>Se busco representar el 85 aniversario del nacimiento de Ernesto CHE Guevara con un afiche que<br \/>\nremite a la ni\u00f1ez del che, amante de las aventuras, con un triciclo en el que est\u00e1 por emprender un<br \/>\nviaje, haciendo referencia a su primer gran viaje en una bicicleta con motor, imaginando ya<br \/>\nvisionariamente una Am\u00e9rica desde un punto de vista no tradicional, donde el sur est\u00e1 arriba, a<br \/>\ndiferencia de la intencionalidad pol\u00edtica de la posici\u00f3n de los pa\u00edses en los mapas cl\u00e1sicos.<br \/>\nEl punto central del mapa es la ciudad de Rosario, lugar donde nace en 1928, a modo de inicio de<br \/>\nun lucero que a lo largo de su vida dispersar\u00e1 su luz e ideales por toda Am\u00e9rica.<br \/>\nLa t\u00e9cnica elegida fue el grabado y posterior retoque digital, t\u00e9cnica que brinda riqueza de<br \/>\ntexturas y trazos gestuales, que junto al modo de aplicaci\u00f3n de los colores hacen referencia a la<br \/>\nserigraf\u00eda, haciendo una alusi\u00f3n a los afiches de la revoluci\u00f3n cubana.<\/p>\n","protected":false},"excerpt":{"rendered":"<p>&nbsp; Se busco representar el 85 aniversario del nacimiento de Ernesto CHE Guevara con un afiche que remite a la ni\u00f1ez del che, amante de las aventuras, con un triciclo en el que est\u00e1 por emprender un viaje, haciendo referencia a su primer gran viaje en una bicicleta con motor, imaginando ya visionariamente una Am\u00e9rica&hellip;&nbsp;<a href=\"https:\/\/dmdesign.com.ar\/blog\/2013\/07\/afiche-conmemoracion-85-anos-nacimiento-del-che\/\" rel=\"bookmark\">Leer m\u00e1s &raquo;<span class=\"screen-reader-text\">Afiche conmemoraci\u00f3n 85 a\u00f1os nacimiento del CHE<\/span><\/a><\/p>\n","protected":false},"author":2,"featured_media":411,"comment_status":"open","ping_status":"open","sticky":false,"template":"","format":"standard","meta":{"neve_meta_sidebar":"","neve_meta_container":"","neve_meta_enable_content_width":"","neve_meta_content_width":0,"neve_meta_title_alignment":"","neve_meta_author_avatar":"","neve_post_elements_order":"","neve_meta_disable_header":"","neve_meta_disable_footer":"","neve_meta_disable_title":"","footnotes":""},"categories":[4,3],"tags":[],"_links":{"self":[{"href":"https:\/\/dmdesign.com.ar\/blog\/wp-json\/wp\/v2\/posts\/410"}],"collection":[{"href":"https:\/\/dmdesign.com.ar\/blog\/wp-json\/wp\/v2\/posts"}],"about":[{"href":"https:\/\/dmdesign.com.ar\/blog\/wp-json\/wp\/v2\/types\/post"}],"author":[{"embeddable":true,"href":"https:\/\/dmdesign.com.ar\/blog\/wp-json\/wp\/v2\/users\/2"}],"replies":[{"embeddable":true,"href":"https:\/\/dmdesign.com.ar\/blog\/wp-json\/wp\/v2\/comments?post=410"}],"version-history":[{"count":2,"href":"https:\/\/dmdesign.com.ar\/blog\/wp-json\/wp\/v2\/posts\/410\/revisions"}],"predecessor-version":[{"id":549,"href":"https:\/\/dmdesign.com.ar\/blog\/wp-json\/wp\/v2\/posts\/410\/revisions\/549"}],"wp:featuredmedia":[{"embeddable":true,"href":"https:\/\/dmdesign.com.ar\/blog\/wp-json\/wp\/v2\/media\/411"}],"wp:attachment":[{"href":"https:\/\/dmdesign.com.ar\/blog\/wp-json\/wp\/v2\/media?parent=410"}],"wp:term":[{"taxonomy":"category","embeddable":true,"href":"https:\/\/dmdesign.com.ar\/blog\/wp-json\/wp\/v2\/categories?post=410"},{"taxonomy":"post_tag","embeddable":true,"href":"https:\/\/dmdesign.com.ar\/blog\/wp-json\/wp\/v2\/tags?post=410"}],"curies":[{"name":"wp","href":"https:\/\/api.w.org\/{rel}","templated":true}]}}